{"id":10535,"date":"2026-03-12T23:15:37","date_gmt":"2026-03-12T22:15:37","guid":{"rendered":"https:\/\/buechertanz.de\/?p=10535"},"modified":"2026-03-17T08:45:26","modified_gmt":"2026-03-17T07:45:26","slug":"die-buecherfrauen-von-listland-der-gesang-der-seeschwalben","status":"publish","type":"post","link":"https:\/\/buechertanz.de\/?p=10535","title":{"rendered":"\u201eDie B\u00fccherfrauen von Listland \u2013 Der Gesang der Seeschwalben\u201c"},"content":{"rendered":"\n<p><strong>von Gabriella Engelmann<\/strong><\/p>\n\n\n\n<p class=\"has-text-align-center\">_ _ _ <\/p>\n\n\n\n<div class=\"wp-block-media-text is-vertically-aligned-center\"><figure class=\"wp-block-media-text__media\"><img loading=\"lazy\" decoding=\"async\" width=\"307\" height=\"466\" src=\"https:\/\/buechertanz.de\/wp-content\/uploads\/2026\/03\/22-Die-Buecherfrauen-von-Listland-Der-Gesang-der-Seeschwalben.jpg\" alt=\"\" class=\"wp-image-10511 size-full\" srcset=\"https:\/\/buechertanz.de\/wp-content\/uploads\/2026\/03\/22-Die-Buecherfrauen-von-Listland-Der-Gesang-der-Seeschwalben.jpg 307w, https:\/\/buechertanz.de\/wp-content\/uploads\/2026\/03\/22-Die-Buecherfrauen-von-Listland-Der-Gesang-der-Seeschwalben-198x300.jpg 198w\" sizes=\"auto, (max-width: 307px) 100vw, 307px\" \/><\/figure><div class=\"wp-block-media-text__content\">\n<p style=\"font-size:11px\"><strong>Bibliografische Angaben:<\/strong><br>Erscheinungsdatum: 03. M\u00e4rz 2025<br>Verlag: Droemer-Knaur<br>Ausgabe: Taschenbuch &amp; eBook<br>ISBN:&nbsp;978-3426525074<br>Seitenanzahl: 352 Seiten<br>Preise: 12,99\u20ac (Taschenbuch), 09,99\u20ac (eBook)<br>Reihe: \u201eDie B\u00fccherfrauen von Listland&#8220; Band 01\/02<br><br><strong>Klappentext:<\/strong><br><em>\u201eDie 55-j\u00e4hrige Journalistin und Podcasterin Anna reist f\u00fcr das Schreiben eines Beitrags \u00fcber die 85-j\u00e4hrige B\u00fccherfrau Fenja Lorenzen an den abgelegenen Lister Ellenbogen. Im reetgedeckten Haus der alten Dame trifft Anna allerdings nur deren Tochter Elisa an. Als ein heftiges Gewitter die antiquarischen Buchsch\u00e4tze bedroht, die Fenja auf dem Dachboden hortet, packen die Frauen gemeinsam an. Dabei f\u00e4llt Anna ein alter Gedichtband in die H\u00e4nde, der als Versteck f\u00fcr einen Samtbeutel und eine silberne Dose dient. Ehe sie es sich versieht, wird Anna mit Geheimnissen aus der Vergangenheit konfrontiert, die bis in die Gegenwart reichen. Denn Fenja hatte eine Schwester, die von einem Tag auf den anderen spurlos verschwand \u2013 genau wie Fenja jetzt \u2026\u201c<\/em><br><br><strong>Homepage:<\/strong><br><a href=\"https:\/\/gabriella-engelmann.de\/der_Gesang_der_Seeschwalben.html\" target=\"_blank\" rel=\"noreferrer noopener\">https:\/\/gabriella-engelmann.de\/der_Gesang_der_Seeschwalben.html<\/a><br><br><a href=\"https:\/\/www.droemer-knaur.de\/buch\/gabriella-engelmann-die-buecherfrauen-von-listland-der-gesang-der-seeschwalben-9783426525074\" target=\"_blank\" rel=\"noreferrer noopener\">https:\/\/www.droemer-knaur.de\/buch\/gabriella-engelmann-die-buecherfrauen-von-listland-der-gesang-der-seeschwalben-9783426525074<\/a><\/p>\n<\/div><\/div>\n\n\n\n<p style=\"font-size:11px\"><strong>Hinweis:<\/strong><br><em><em>\u2013 Ich habe f\u00fcr diese Rezension von der Autorin\/ dem Verlag keinerlei Gegenleistung bekommen, sie spiegelt mein pers\u00f6nliches Leseempfinden wieder<\/em><\/em>&nbsp;\u2013&nbsp;<em>das eBook habe ich mir selbst gekauft.<\/em><\/p>\n\n\n\n<p class=\"has-text-align-center\">_ _ _ <\/p>\n\n\n<div class=\"wp-block-image\">\n<figure class=\"aligncenter size-full is-resized\"><img loading=\"lazy\" decoding=\"async\" width=\"680\" height=\"850\" src=\"https:\/\/buechertanz.de\/wp-content\/uploads\/2026\/03\/Der-Gesang-der-Seeschwalben_01_komp.jpg\" alt=\"\" class=\"wp-image-10536\" style=\"width:356px;height:auto\" srcset=\"https:\/\/buechertanz.de\/wp-content\/uploads\/2026\/03\/Der-Gesang-der-Seeschwalben_01_komp.jpg 680w, https:\/\/buechertanz.de\/wp-content\/uploads\/2026\/03\/Der-Gesang-der-Seeschwalben_01_komp-240x300.jpg 240w\" sizes=\"auto, (max-width: 680px) 100vw, 680px\" \/><\/figure><\/div>\n\n\n<p class=\"has-text-align-center\">_ _ _ <\/p>\n\n\n\n<p class=\"has-drop-cap has-small-font-size\">Der Roman&nbsp;<strong><em>\u201eDer Gesang der Seeschwalben\u201c<\/em><\/strong>&nbsp;von Gabriella Engelmann ist der Auftakt der Reihe&nbsp;<strong><em>\u201eDie B\u00fccherfrauen von Listland\u201c<\/em><\/strong>&nbsp;und erz\u00e4hlt eine Geschichte, die auf zwei Zeitebenen spielt und Vergangenheit und Gegenwart auf eine sehr ber\u00fchrende Weise miteinander verkn\u00fcpft.&nbsp;<\/p>\n\n\n\n<p class=\"has-small-font-size\">Im Mittelpunkt steht die 55-j\u00e4hrige Journalistin Anna, ein Charakter, der mich auf ganzer Linie \u00fcberzeugt hat. Es ist die perfekte Mischung aus ihrer beruflichen Neugier als Podcasterin und Autorin und ihrer tiefen Empathie, mit der sie sich in die geheimnisvolle Welt der 85-j\u00e4hrigen Fenja und deren Tochter Elisa einf\u00fchlt. Der Kontrast zwischen moderner Medienwelt und den antiquarischen Buchsch\u00e4tzen auf dem Dachboden verleiht der Geschichte einen ganz besonderen Reiz. <br>Au\u00dferdem ist die Dynamik zwischen den drei Frauengenerationen absolut gelungen und sehr mitrei\u00dfend dargestellt.<br>Was diesen Roman f\u00fcr mich ganz besonders macht, ist die allgegenw\u00e4rtige Liebe zu B\u00fcchern und zum Lesen. Als absolute Buchliebhaberin ging mir bei den Beschreibungen der alten Buchsch\u00e4tze und dem Abtauchen in Geschichten regelm\u00e4\u00dfig das Herz auf. Diese Leidenschaft bildet das emotionale Fundament der Geschichte und verbindet die Generationen auf wunderbare Weise.<br>Besonders mitrei\u00dfend fand ich das R\u00e4tsel um Fenjas spurlos verschwundene Schwester. Da dieses R\u00e4tsel zum Ende des Buches nicht gel\u00f6st wird, bleibt es spannend, wie es im zweiten Band weitergehen wird.<br>Au\u00dferdem verwebt die Autorin in dem Erz\u00e4hlstrang der in der Vergangenheit spielt, das pers\u00f6nliche Schicksal der Familie geschickt mit den dunklen Kapiteln der Judenverfolgung, dem Zweiten Weltkrieg und der Nachkriegszeit. Diese historischen Hintergr\u00fcnde geben der Geschichte ordentlich Gewicht und machen die Suche nach der Wahrheit in der Gegenwart umso dringlicher.<br>Obwohl ich selbst noch nie auf Sylt war, hat Gabriella Engelmann die Umgebung so bildhaft beschrieben, dass ich das Rauschen des Meeres h\u00f6ren und den salzigen Wind in meinen Haaren sp\u00fcren konnte. Die detaillierte, kurzweilige Sprache baut ab der ersten Zeile eine sehr einnehmende Atmosph\u00e4re auf. Ich war sofort in der Geschichte angekommen und konnte und wollte das Buch nur noch ungern aus den H\u00e4nden legen.<br>&nbsp;<br>Danke f\u00fcr dieses absolut gelungene und mitrei\u00dfende Leseerlebnis.&nbsp;<\/p>\n\n\n\n<div class=\"wp-block-media-text\"><figure class=\"wp-block-media-text__media\"><img loading=\"lazy\" decoding=\"async\" width=\"582\" height=\"728\" src=\"https:\/\/buechertanz.de\/wp-content\/uploads\/2026\/03\/Der-Gesang-der-Seeschwalben_02_komp.jpg\" alt=\"\" class=\"wp-image-10537 size-full\" srcset=\"https:\/\/buechertanz.de\/wp-content\/uploads\/2026\/03\/Der-Gesang-der-Seeschwalben_02_komp.jpg 582w, https:\/\/buechertanz.de\/wp-content\/uploads\/2026\/03\/Der-Gesang-der-Seeschwalben_02_komp-240x300.jpg 240w\" sizes=\"auto, (max-width: 582px) 100vw, 582px\" \/><\/figure><div class=\"wp-block-media-text__content\">\n<p class=\"has-drop-cap has-small-font-size\"><strong>Fazit: <em>&#8222;Der Gesang der Seeschwalben&#8220;<\/em> von Gabriella Engelmann ist ein wunderbarer Wohlf\u00fchlroman mit Tiefgang und einer ordentlichen Portion Spannung. Ich bin so begeistert von diesem ersten &#8222;Kennenlernen&#8220; mit Gabriella Engelmann dass ich direkt den zweiten Band lesen werde \u2026 und ich bin so gespannt, wie es weitergeht. Sehr lesenswert.&nbsp;<\/strong><\/p>\n<\/div><\/div>\n\n\n\n<p class=\"has-text-align-center\" style=\"font-size:18px\">_ _ _ <\/p>\n","protected":false},"excerpt":{"rendered":"<p>von Gabriella Engelmann _ _ _ Bibliografische Angaben:Erscheinungsdatum: 03. M\u00e4rz 2025Verlag: Droemer-KnaurAusgabe: Taschenbuch &amp; eBookISBN:&nbsp;978-3426525074Seitenanzahl: 352 SeitenPreise: 12,99\u20ac (Taschenbuch), 09,99\u20ac (eBook)Reihe: \u201eDie B\u00fccherfrauen von Listland&#8220; Band 01\/02 Klappentext:\u201eDie 55-j\u00e4hrige Journalistin und Podcasterin Anna reist f\u00fcr das Schreiben eines Beitrags \u00fcber die 85-j\u00e4hrige B\u00fccherfrau Fenja Lorenzen an den abgelegenen Lister Ellenbogen. Im reetgedeckten Haus der alten &hellip; <a href=\"https:\/\/buechertanz.de\/?p=10535\" class=\"more-link\"><span class=\"screen-reader-text\">\u201eDie B\u00fccherfrauen von Listland \u2013 Der Gesang der Seeschwalben\u201c<\/span> weiterlesen<\/a><\/p>\n","protected":false},"author":2,"featured_media":0,"comment_status":"open","ping_status":"closed","sticky":false,"template":"","format":"standard","meta":{"footnotes":""},"categories":[34,10],"tags":[],"class_list":["post-10535","post","type-post","status-publish","format-standard","hentry","category-allerezensionen","category-familiengeheimnisse"],"_links":{"self":[{"href":"https:\/\/buechertanz.de\/index.php?rest_route=\/wp\/v2\/posts\/10535","targetHints":{"allow":["GET"]}}],"collection":[{"href":"https:\/\/buechertanz.de\/index.php?rest_route=\/wp\/v2\/posts"}],"about":[{"href":"https:\/\/buechertanz.de\/index.php?rest_route=\/wp\/v2\/types\/post"}],"author":[{"embeddable":true,"href":"https:\/\/buechertanz.de\/index.php?rest_route=\/wp\/v2\/users\/2"}],"replies":[{"embeddable":true,"href":"https:\/\/buechertanz.de\/index.php?rest_route=%2Fwp%2Fv2%2Fcomments&post=10535"}],"version-history":[{"count":3,"href":"https:\/\/buechertanz.de\/index.php?rest_route=\/wp\/v2\/posts\/10535\/revisions"}],"predecessor-version":[{"id":10552,"href":"https:\/\/buechertanz.de\/index.php?rest_route=\/wp\/v2\/posts\/10535\/revisions\/10552"}],"wp:attachment":[{"href":"https:\/\/buechertanz.de\/index.php?rest_route=%2Fwp%2Fv2%2Fmedia&parent=10535"}],"wp:term":[{"taxonomy":"category","embeddable":true,"href":"https:\/\/buechertanz.de\/index.php?rest_route=%2Fwp%2Fv2%2Fcategories&post=10535"},{"taxonomy":"post_tag","embeddable":true,"href":"https:\/\/buechertanz.de\/index.php?rest_route=%2Fwp%2Fv2%2Ftags&post=10535"}],"curies":[{"name":"wp","href":"https:\/\/api.w.org\/{rel}","templated":true}]}}