{"id":10551,"date":"2026-03-17T09:01:29","date_gmt":"2026-03-17T08:01:29","guid":{"rendered":"https:\/\/buechertanz.de\/?p=10551"},"modified":"2026-03-17T09:08:48","modified_gmt":"2026-03-17T08:08:48","slug":"die-buecherfrauen-von-listland-der-duft-des-strandhafers","status":"publish","type":"post","link":"https:\/\/buechertanz.de\/?p=10551","title":{"rendered":"&#8222;Die B\u00fccherfrauen von Listland \u2013 Der Duft des Strandhafers&#8220;"},"content":{"rendered":"\n<p><strong>von Gabriella Engelmann<\/strong><\/p>\n\n\n\n<p class=\"has-text-align-center\">_ _ _ <\/p>\n\n\n\n<div class=\"wp-block-media-text is-vertically-aligned-center\"><figure class=\"wp-block-media-text__media\"><img loading=\"lazy\" decoding=\"async\" width=\"293\" height=\"445\" src=\"https:\/\/buechertanz.de\/wp-content\/uploads\/2026\/03\/23-Die-Buecherfrauen-von-Listland-Der-Duft-des-Strandhafers.jpg\" alt=\"\" class=\"wp-image-10539 size-full\" srcset=\"https:\/\/buechertanz.de\/wp-content\/uploads\/2026\/03\/23-Die-Buecherfrauen-von-Listland-Der-Duft-des-Strandhafers.jpg 293w, https:\/\/buechertanz.de\/wp-content\/uploads\/2026\/03\/23-Die-Buecherfrauen-von-Listland-Der-Duft-des-Strandhafers-198x300.jpg 198w\" sizes=\"auto, (max-width: 293px) 100vw, 293px\" \/><\/figure><div class=\"wp-block-media-text__content\">\n<p style=\"font-size:11px\"><strong>Bibliografische Angaben:<\/strong><br>Erscheinungsdatum: 02. M\u00e4rz 2026<br>Verlag: Droemer-Knaur<br>Ausgabe: Taschenbuch &amp; eBook<br>ISBN:&nbsp;978-3426525081<br>Seitenanzahl: 320 Seiten<br>Preise: 12,99\u20ac (Taschenbuch), 04,99\u20ac (eBook)<br>Reihe: \u201eDie B\u00fccherfrauen von Listland\u201c Band 02\/02<br><br><strong><strong>Klappentext:<\/strong><br><\/strong><em>\u201eEs ist Sp\u00e4tsommer, als Journalistin Anna M\u00e4rz nach Sylt zur\u00fcckkehrt, um der 85-j\u00e4hrigen Fenja Lorenzen bei der Suche nach ihrer Schwester Martje zu helfen. Denn nach einer Sturmnacht im Jahr 1958 verliert sich jede Spur von ihr. Anna ahnt nicht, dass Martje sich damals in den charismatischen Strandpiraten Hark verliebt hatte und sich nach einem Schiffsungl\u00fcck auf die Insel Amrum retten konnte. Fenja dagegen scheint mehr \u00fcber Martjes Verschwinden zu wissen, als sie bereit ist zuzugeben. Je tiefer Anna gr\u00e4bt, desto klarer wird, wie kompliziert das Verh\u00e4ltnis der Schwestern gewesen sein muss, die sich als Kinder abg\u00f6ttisch liebten, bevor das Schicksal sie auseinanderriss. Und da ist auch noch Eric, f\u00fcr den Annas Herz nach wie vor schl\u00e4gt \u2026\u201c<\/em><br><br><strong>Homepage:<\/strong><br><a href=\"https:\/\/gabriella-engelmann.de\/der_Duft_des_Strandhafers.html\" target=\"_blank\" rel=\"noreferrer noopener\">https:\/\/gabriella-engelmann.de\/der_Duft_des_Strandhafers.html<\/a><br><br><a href=\"https:\/\/www.droemer-knaur.de\/buch\/gabriella-engelmann-die-buecherfrauen-von-listland-der-duft-des-strandhafers-9783426525081\" target=\"_blank\" rel=\"noreferrer noopener\">https:\/\/www.droemer-knaur.de\/buch\/gabriella-engelmann-die-buecherfrauen-von-listland-der-duft-des-strandhafers-9783426525081<\/a><\/p>\n<\/div><\/div>\n\n\n\n<p style=\"font-size:11px\"><strong>Hinweis:<\/strong><br><span><em style=\"font-style: italic;\">\u2013 Ich habe f\u00fcr diese Rezension von der Autorin\/ dem Verlag keinerlei Gegenleistung bekommen, sie spiegelt mein pers\u00f6nliches Leseempfinden wieder<\/em><\/span><em>. D<\/em><em>as eBook habe ich mir selbst gekauft.<\/em><\/p>\n\n\n\n<p class=\"has-text-align-center\">_ _ _ <\/p>\n\n\n<div class=\"wp-block-image\">\n<figure class=\"aligncenter size-full is-resized\"><img loading=\"lazy\" decoding=\"async\" width=\"623\" height=\"781\" src=\"https:\/\/buechertanz.de\/wp-content\/uploads\/2026\/03\/Der-Duft-des-Strandhafers_01_komp.jpg\" alt=\"\" class=\"wp-image-10554\" style=\"width:327px;height:auto\" srcset=\"https:\/\/buechertanz.de\/wp-content\/uploads\/2026\/03\/Der-Duft-des-Strandhafers_01_komp.jpg 623w, https:\/\/buechertanz.de\/wp-content\/uploads\/2026\/03\/Der-Duft-des-Strandhafers_01_komp-239x300.jpg 239w\" sizes=\"auto, (max-width: 623px) 100vw, 623px\" \/><\/figure><\/div>\n\n\n<p class=\"has-text-align-center\">_ _ _ <\/p>\n\n\n\n<p class=\"has-drop-cap has-small-font-size\">Nachdem ich den ersten Teil (<em><a href=\"https:\/\/buechertanz.de\/?p=10535\" target=\"_blank\" rel=\"noreferrer noopener\">&#8222;Der Gesang der Seeschwalben&#8220;<\/a><\/em>) der Buchreihe <em>\u201eDie B\u00fccherfrauen von Listland\u201c<\/em> von Gabriella Engelmann mit so gro\u00dfer Begeisterung gelesen hatte, musste ich einfach sofort den zweiten Band  <strong><em>&#8222;Der Duft des Strandhafers&#8220;<\/em><\/strong> lesen. <br><br>Und was soll ich sagen? Gabriella Engelmann hat mich mit ihrer Geschichte erneut vollkommen in ihren Bann gezogen.<br>Das Lesen f\u00fchlte sich f\u00fcr mich wie ein \u201eNach-Hause-Kommen\u201c an. Da ich die meisten Figuren und die malerische Kulisse von Sylt bereits aus dem ersten Band kannte, war ich sofort wieder mittendrin im Geschehen. Doch dieser zweite Teil bietet so viel mehr als nur Inselfeeling: Es ist eine hochemotionale Reise zwischen zwei Zeitebenen.<br>W\u00e4hrend mich die Gegenwart rund um die Journalistin Anna M\u00e4rz warm empfangen hat, hat mich der historische Strang um das Jahr 1958 emotional tief ersch\u00fcttert. Ich habe so sehr mit Martje gelitten, die ihr Herz an den Strandpiraten Hark verliert und nach einer dramatischen Nacht v\u00f6llig allein auf Amrum strandet. Gleichzeitig ist da in der Gegenwart die 85-j\u00e4hrige Fenja, deren Geheimnisse Schicht um Schicht freigelegt werden. Diese Mischung aus dem gem\u00fctlichen Wohlf\u00fchlfaktor und einer fast greifbaren, dramatischen Spannung hat mich das Buch kaum aus der Hand legen lassen.<br>Besonders beeindruckt hat mich das Zusammenspiel der vielen unterschiedlichen Frauenfiguren. Obwohl sie alle ihre eigene Geschichte und ihre Ecken und Kanten haben, verbindet sie so viel. Allen voran dieser ganz besondere Zauber von B\u00fcchern und die Liebe zum Lesen, was Gabriella Engelmann so wunderbar in Worte fasst und zu einem zentralen Punkt der Geschichte macht.<br>Am Ende f\u00fcgt sich alles so stimmig und feinf\u00fchlig zusammen, dass ich tats\u00e4chlich Tr\u00e4nen in den Augen hatte. Was f\u00fcr mich nach dem Lesen der letzten Seite bleibt, sind diese kraftvollen Botschaften: Die Liebe zwischen Schwestern ist unzerst\u00f6rbar, die Wahrheit hat eine heilende Kraft und es ist schlichtweg nie zu sp\u00e4t, um nach Hause zu kommen.<\/p>\n\n\n\n<blockquote class=\"wp-block-quote is-layout-flow wp-block-quote-is-layout-flow\">\n<p class=\"has-text-align-center\" style=\"font-size:16px\">&#8222;Wieso konnte man einander nicht einfach vertrauen, die Wahrheit sagen und damit all die Fragen beantworten, die unbeantwortet in den K\u00f6pfen jener umhergeisterten, die nach Antworten suchten und sich unweigerlich irgendwann ihre eigenen zurechtspannen.&#8220;<br><br><em>[Kapitel 18]<\/em><\/p>\n<\/blockquote>\n\n\n\n<p class=\"has-small-font-size\">Danke f\u00fcr dieses erneut unvergessliche und mitrei\u00dfende Leseerlebnis.<\/p>\n\n\n\n<div class=\"wp-block-media-text is-vertically-aligned-center\"><figure class=\"wp-block-media-text__media\"><img loading=\"lazy\" decoding=\"async\" width=\"567\" height=\"709\" src=\"https:\/\/buechertanz.de\/wp-content\/uploads\/2026\/03\/Der-Duft-des-Strandhafers_02_komp.jpg\" alt=\"\" class=\"wp-image-10553 size-full\" srcset=\"https:\/\/buechertanz.de\/wp-content\/uploads\/2026\/03\/Der-Duft-des-Strandhafers_02_komp.jpg 567w, https:\/\/buechertanz.de\/wp-content\/uploads\/2026\/03\/Der-Duft-des-Strandhafers_02_komp-240x300.jpg 240w\" sizes=\"auto, (max-width: 567px) 100vw, 567px\" \/><\/figure><div class=\"wp-block-media-text__content\">\n<p class=\"has-drop-cap has-small-font-size\"><strong><strong>Fazit: Der zweite Band \u201eDer Duft des Strandhafers\u201c von Gabriella Engelmann ist ein tief ber\u00fchrendes Leseerlebnis, das mit Sicherheit noch lange in mir nachklingen wird. Dazu ist es eine absolut gelungene Fortsetzung und gleichzeitig der wunderbare Abschluss einer lesenswerten und unvergesslichen Buchreihe.<\/strong><\/strong><\/p>\n<\/div><\/div>\n\n\n\n<p class=\"has-text-align-center\">_ _ _ <\/p>\n","protected":false},"excerpt":{"rendered":"<p>von Gabriella Engelmann _ _ _ Bibliografische Angaben:Erscheinungsdatum: 02. M\u00e4rz 2026Verlag: Droemer-KnaurAusgabe: Taschenbuch &amp; eBookISBN:&nbsp;978-3426525081Seitenanzahl: 320 SeitenPreise: 12,99\u20ac (Taschenbuch), 04,99\u20ac (eBook)Reihe: \u201eDie B\u00fccherfrauen von Listland\u201c Band 02\/02 Klappentext:\u201eEs ist Sp\u00e4tsommer, als Journalistin Anna M\u00e4rz nach Sylt zur\u00fcckkehrt, um der 85-j\u00e4hrigen Fenja Lorenzen bei der Suche nach ihrer Schwester Martje zu helfen. Denn nach einer Sturmnacht &hellip; <a href=\"https:\/\/buechertanz.de\/?p=10551\" class=\"more-link\"><span class=\"screen-reader-text\">&#8222;Die B\u00fccherfrauen von Listland \u2013 Der Duft des Strandhafers&#8220;<\/span> weiterlesen<\/a><\/p>\n","protected":false},"author":2,"featured_media":0,"comment_status":"open","ping_status":"closed","sticky":false,"template":"","format":"standard","meta":{"footnotes":""},"categories":[34,10],"tags":[],"class_list":["post-10551","post","type-post","status-publish","format-standard","hentry","category-allerezensionen","category-familiengeheimnisse"],"_links":{"self":[{"href":"https:\/\/buechertanz.de\/index.php?rest_route=\/wp\/v2\/posts\/10551","targetHints":{"allow":["GET"]}}],"collection":[{"href":"https:\/\/buechertanz.de\/index.php?rest_route=\/wp\/v2\/posts"}],"about":[{"href":"https:\/\/buechertanz.de\/index.php?rest_route=\/wp\/v2\/types\/post"}],"author":[{"embeddable":true,"href":"https:\/\/buechertanz.de\/index.php?rest_route=\/wp\/v2\/users\/2"}],"replies":[{"embeddable":true,"href":"https:\/\/buechertanz.de\/index.php?rest_route=%2Fwp%2Fv2%2Fcomments&post=10551"}],"version-history":[{"count":2,"href":"https:\/\/buechertanz.de\/index.php?rest_route=\/wp\/v2\/posts\/10551\/revisions"}],"predecessor-version":[{"id":10559,"href":"https:\/\/buechertanz.de\/index.php?rest_route=\/wp\/v2\/posts\/10551\/revisions\/10559"}],"wp:attachment":[{"href":"https:\/\/buechertanz.de\/index.php?rest_route=%2Fwp%2Fv2%2Fmedia&parent=10551"}],"wp:term":[{"taxonomy":"category","embeddable":true,"href":"https:\/\/buechertanz.de\/index.php?rest_route=%2Fwp%2Fv2%2Fcategories&post=10551"},{"taxonomy":"post_tag","embeddable":true,"href":"https:\/\/buechertanz.de\/index.php?rest_route=%2Fwp%2Fv2%2Ftags&post=10551"}],"curies":[{"name":"wp","href":"https:\/\/api.w.org\/{rel}","templated":true}]}}