{"id":11357,"date":"2026-09-04T09:27:44","date_gmt":"2026-09-04T08:27:44","guid":{"rendered":"https:\/\/buechertanz.de\/?p=11357"},"modified":"2026-09-04T09:37:48","modified_gmt":"2026-09-04T08:37:48","slug":"lore-ley","status":"publish","type":"post","link":"https:\/\/buechertanz.de\/?p=11357","title":{"rendered":"&#8222;Lore-Ley&#8220;"},"content":{"rendered":"\n<p class=\"wp-block-paragraph\"><strong>von Ann-Kathrin Wasle<\/strong><\/p>\n\n\n\n<p class=\"wp-block-paragraph\">Werbung *<\/p>\n\n\n\n<p class=\"has-text-align-center wp-block-paragraph\">_ _ _ <\/p>\n\n\n\n<div class=\"wp-block-media-text is-vertically-aligned-center\"><figure class=\"wp-block-media-text__media\"><img loading=\"lazy\" decoding=\"async\" width=\"310\" height=\"445\" src=\"https:\/\/buechertanz.de\/wp-content\/uploads\/2026\/09\/65-Lore-Ley.jpg\" alt=\"\" class=\"wp-image-11351 size-full\" srcset=\"https:\/\/buechertanz.de\/wp-content\/uploads\/2026\/09\/65-Lore-Ley.jpg 310w, https:\/\/buechertanz.de\/wp-content\/uploads\/2026\/09\/65-Lore-Ley-209x300.jpg 209w\" sizes=\"auto, (max-width: 310px) 100vw, 310px\" \/><\/figure><div class=\"wp-block-media-text__content\">\n<p class=\"wp-block-paragraph\" style=\"font-size:11px\"><strong>Bibliografische Angaben:<\/strong><br>Erscheinungsdatum: 01. September 2026 (eBook) 01. Oktober 2026 (Hardcover)<br>Verlag: TintenSchwan<br>Ausgaben: Hardcover &amp; eBook<br>ISBN: 978-3949198250<br>Seitenanzahl: 512 Seiten<br>Preise: 28,00\u20ac (Hardcover), 09,99\u20ac (eBook)<br><br><strong>Klappentext:<\/strong><br><em>&#8222;Beim Tanz in den Mai verzaubert die Jungfer Lore jeden, der sie zu Gesicht bekommt: den tapferen Schiffer Rufus, f\u00fcr den ihr eigenes Herz entflammt, die Bauersleute, die unter dem felsigen Lurley wohnen, und sogar den jungen Grafen Wilhelm.<br>Doch als die Gr\u00e4finmutter von der unziemlichen Leidenschaft ihres Sohnes erf\u00e4hrt, hat dies t\u00f6dliche Konsequenzen. Sie hetzt ihren Gefolgsmann auf die sch\u00f6ne Maid und Lore verschwindet spurlos.<br>Sieben Jahre sp\u00e4ter:&nbsp;Eine geheimnisvolle Adlige erscheint in der Stadt und bezirzt schon bald das Herz des Grafen. Doch wer ist die unbekannte Sch\u00f6ne \u2013 und was will sie wirklich von Wilhelm? Ist es Liebe, die sie sucht, oder Rache? Und woher stammt der \u00fcbernat\u00fcrliche Gesang, der seit einigen Wochen vom Lurley klingt und die Schiffer in den Untergang treibt?&#8220;<\/em><br><br><strong>Homepage:<\/strong><br><a href=\"https:\/\/www.tintenschwan.de\/lore-ley\/\" target=\"_blank\" rel=\"noreferrer noopener\">https:\/\/www.tintenschwan.de\/lore-ley\/<\/a><\/p>\n<\/div><\/div>\n\n\n\n<p class=\"wp-block-paragraph\" style=\"font-size:11px\">*<strong>Hinweise:<\/strong><br><em><em>\u2013 Das Buch habe ich freundlicherweise von der Autorin Ann-Kathrin Wasle als vorzeitiges Rezensionsexemplar erhalten. Ganz herzlichen Dank daf\u00fcr!<br>\u2013 Ich habe f\u00fcr diese Rezension von der Autorin keinerlei finanzielle Gegenleistung bekommen, sie spiegelt mein pers\u00f6nliches Leseempfinden wieder.<br><\/em>\u2013 Aufgrund der Gegenleistung in Form eines Rezensionsexemplars, den Verlinkungen der Verlagshomepage, sowie der ausdr\u00fccklichen Leseempfehlung kennzeichne ich diese Rezension als&nbsp;<strong>WERBUNG<\/strong>.<\/em><\/p>\n\n\n\n<p class=\"has-text-align-center wp-block-paragraph\">_ _ _ <\/p>\n\n\n<div class=\"wp-block-image\">\n<figure class=\"aligncenter size-full is-resized\"><img loading=\"lazy\" decoding=\"async\" width=\"624\" height=\"788\" src=\"https:\/\/buechertanz.de\/wp-content\/uploads\/2026\/09\/Lore-Ley_01_komp.jpg\" alt=\"\" class=\"wp-image-11358\" style=\"aspect-ratio:0.7919010123734533;width:341px;height:auto\" srcset=\"https:\/\/buechertanz.de\/wp-content\/uploads\/2026\/09\/Lore-Ley_01_komp.jpg 624w, https:\/\/buechertanz.de\/wp-content\/uploads\/2026\/09\/Lore-Ley_01_komp-238x300.jpg 238w\" sizes=\"auto, (max-width: 624px) 100vw, 624px\" \/><\/figure>\n<\/div>\n\n\n<p class=\"has-text-align-center wp-block-paragraph\">_ _ _ <\/p>\n\n\n\n<p class=\"has-drop-cap has-small-font-size wp-block-paragraph\">In ihrem neuen und fesselnden Roman <em><strong>\u201eLore-Ley\u201c<\/strong><\/em> entf\u00fchrt uns die Autorin Ann-Kathrin Wasle an den sagenumwobenen Rhein und verwebt die historische Realit\u00e4t des Mittelalters meisterhaft mit den mystischen Elementen der bekannten Lorelei-Sage.<\/p>\n\n\n\n<p class=\"has-small-font-size wp-block-paragraph\">Vorab: Ich bin eigentlich keine begeisterte Fantasy-Leserin. Doch genau wie schon bei Ann-Kathrin Wasles Roman <em><a href=\"https:\/\/buechertanz.de\/?p=7700\" target=\"_blank\" rel=\"noreferrer noopener\">\u201eRungholt\u201c<\/a><\/em>, den ich 2024 gelesen habe, haben mich die mystischen und phantastischen Elemente auch hier absolut \u00fcberzeugt. Sie sind so geschickt, fein und sch\u00f6n in die historischen Hintergr\u00fcnde eingebaut, dass ich beim Lesen immer wieder dachte: <em>&#8222;Ja&#8230; genau so k\u00f6nnte es damals wirklich gewesen sein.&#8220; <\/em><br>Die Magie wirkt nie deplatziert oder \u00fcbertrieben, sondern f\u00fcgt sich v\u00f6llig nat\u00fcrlich in das historische Setting ein. Getragen wird das Ganze von einem poetischen und absolut bildhaften Sprachstil, der mich von der ersten Seite an direkt mitgenommen und verzaubert hat und mich bis auf die letzte Seite getragen hat. <br><br>Besonders gelungen fand ich, dass der Prolog und der Epilog, die beide im fr\u00fchen 19. Jahrhundert angesiedelt sind, der eigentlichen Geschichte einen sehr gelungenen Rahmen geben. Am Ende des Buches hatte ich einen richtigen <em>&#8222;Aha-Moment&#8220;<\/em>. Doch mehr m\u00f6chte ich nicht verraten. <\/p>\n\n\n\n<p class=\"has-small-font-size wp-block-paragraph\">Neben den phantastischen und sagenhaften Themen gibt es auch die historischen Themen in dieser Geschichte. Eines davon ist die Pest und der damalige Umgang mit dieser gnadenlosen Seuche. Ann-Kathrin Wasle hat diesen d\u00fcsteren Aspekt wahnsinnig greifbar und intensiv dargestellt. Man sp\u00fcrt die Angst und Panik der Bev\u00f6lkerung und die oft hilflosen, drastischen Ma\u00dfnahmen, mit denen die Menschen damals versuchten, der unsichtbaren Bedrohung Herr zu werden. Diese fundierte historische Tiefe sorgt daf\u00fcr, dass der Roman eine enorme Authentizit\u00e4t gewinnt und die Bedrohung der damaligen Zeit fast k\u00f6rperlich sp\u00fcrbar wird. <br>Die Mischung aus der gro\u00dfen Liebesgeschichte, dem harten Standeskonflikt mit der Familie des Grafen und dem d\u00fcsteren, spannenden Rachemotiv ist der Autorin absolut gelungen. Das emotionale Knistern war auf jeder Seite sp\u00fcrbar. Zu Beginn der Geschichte liegt diese intensive Spannung vor allem zwischen Lore und dem Schiffer Rufus, doch im sp\u00e4teren Verlauf auch zwischen Lore und dem Grafen Wilhelm. Ich flog nur so durch die Seiten, um zu erfahren, wie dieses Netz aus Liebe, Tragik und Geheimnissen am Ende aufgel\u00f6st wird. Im Nu waren die \u00fcber 500 Seiten gelesen, da ich das Buch nur schwer aus den H\u00e4nden legen konnte und wollte. Dieses Buch z\u00e4hle ich zu meinen pers\u00f6nlichen Lese-Highlights des Jahres 2026.\u00a0Es ist eine Geschichte, die ich mit Sicherheit noch lange in meinem Herzen tragen werde. <br>Vor diesem Buch habe ich mich nie sonderlich mit der Lorelei-Sage auseinandergesetzt \u2026 doch nun ist mein Herz f\u00fcr diese Sage entflammt.<\/p>\n\n\n\n<p class=\"has-small-font-size wp-block-paragraph\">Herzlichen Dank f\u00fcr dieses gro\u00dfartige und bereichernde Leseerlebnis und auch ein gro\u00dfes Dankesch\u00f6n f\u00fcr das vorzeitige Rezensionsexemplar.&nbsp;<\/p>\n\n\n\n<div class=\"wp-block-media-text is-vertically-aligned-center\"><figure class=\"wp-block-media-text__media\"><img loading=\"lazy\" decoding=\"async\" width=\"561\" height=\"705\" src=\"https:\/\/buechertanz.de\/wp-content\/uploads\/2026\/09\/Lore-Ley_02_komp.jpg\" alt=\"\" class=\"wp-image-11359 size-full\" srcset=\"https:\/\/buechertanz.de\/wp-content\/uploads\/2026\/09\/Lore-Ley_02_komp.jpg 561w, https:\/\/buechertanz.de\/wp-content\/uploads\/2026\/09\/Lore-Ley_02_komp-239x300.jpg 239w\" sizes=\"auto, (max-width: 561px) 100vw, 561px\" \/><\/figure><div class=\"wp-block-media-text__content\">\n<p class=\"has-drop-cap has-small-font-size wp-block-paragraph\"><strong>Fazit: Das Buch &#8222;Lore-Ley&#8220; hat mich absolut&nbsp;begeistert. Ann-Kathrin Wasle hat der alten Sage neues, pulsierendes Leben eingehaucht. Ein absolut empfehlenswertes Buch, das mit einer feinen, poetischen Note und einem Hauch stimmungsvoller Mystik besticht. Au\u00dferdem ist es auch f\u00fcr Leser und Leserinnen sehr lesenswert, die sonst eher einen Bogen um Fantasy machen. <\/strong><\/p>\n<\/div><\/div>\n\n\n\n<p class=\"has-text-align-center wp-block-paragraph\">_ _ _ <\/p>\n","protected":false},"excerpt":{"rendered":"<p>von Ann-Kathrin Wasle Werbung * _ _ _ Bibliografische Angaben:Erscheinungsdatum: 01. September 2026 (eBook) 01. Oktober 2026 (Hardcover)Verlag: TintenSchwanAusgaben: Hardcover &amp; eBookISBN: 978-3949198250Seitenanzahl: 512 SeitenPreise: 28,00\u20ac (Hardcover), 09,99\u20ac (eBook) Klappentext:&#8222;Beim Tanz in den Mai verzaubert die Jungfer Lore jeden, der sie zu Gesicht bekommt: den tapferen Schiffer Rufus, f\u00fcr den ihr eigenes Herz entflammt, die &hellip; <a href=\"https:\/\/buechertanz.de\/?p=11357\" class=\"more-link\"><span class=\"screen-reader-text\">&#8222;Lore-Ley&#8220;<\/span> weiterlesen<\/a><\/p>\n","protected":false},"author":2,"featured_media":0,"comment_status":"open","ping_status":"closed","sticky":false,"template":"","format":"standard","meta":{"footnotes":""},"categories":[34,1],"tags":[],"class_list":["post-11357","post","type-post","status-publish","format-standard","hentry","category-allerezensionen","category-fantasy-mystery"],"_links":{"self":[{"href":"https:\/\/buechertanz.de\/index.php?rest_route=\/wp\/v2\/posts\/11357","targetHints":{"allow":["GET"]}}],"collection":[{"href":"https:\/\/buechertanz.de\/index.php?rest_route=\/wp\/v2\/posts"}],"about":[{"href":"https:\/\/buechertanz.de\/index.php?rest_route=\/wp\/v2\/types\/post"}],"author":[{"embeddable":true,"href":"https:\/\/buechertanz.de\/index.php?rest_route=\/wp\/v2\/users\/2"}],"replies":[{"embeddable":true,"href":"https:\/\/buechertanz.de\/index.php?rest_route=%2Fwp%2Fv2%2Fcomments&post=11357"}],"version-history":[{"count":2,"href":"https:\/\/buechertanz.de\/index.php?rest_route=\/wp\/v2\/posts\/11357\/revisions"}],"predecessor-version":[{"id":11361,"href":"https:\/\/buechertanz.de\/index.php?rest_route=\/wp\/v2\/posts\/11357\/revisions\/11361"}],"wp:attachment":[{"href":"https:\/\/buechertanz.de\/index.php?rest_route=%2Fwp%2Fv2%2Fmedia&parent=11357"}],"wp:term":[{"taxonomy":"category","embeddable":true,"href":"https:\/\/buechertanz.de\/index.php?rest_route=%2Fwp%2Fv2%2Fcategories&post=11357"},{"taxonomy":"post_tag","embeddable":true,"href":"https:\/\/buechertanz.de\/index.php?rest_route=%2Fwp%2Fv2%2Ftags&post=11357"}],"curies":[{"name":"wp","href":"https:\/\/api.w.org\/{rel}","templated":true}]}}