{"id":8704,"date":"2025-04-23T07:46:21","date_gmt":"2025-04-23T06:46:21","guid":{"rendered":"https:\/\/buechertanz.de\/?p=8704"},"modified":"2025-11-11T14:29:59","modified_gmt":"2025-11-11T13:29:59","slug":"montmartre-licht-und-schatten","status":"publish","type":"post","link":"https:\/\/buechertanz.de\/?p=8704","title":{"rendered":"&#8222;Montmartre &#8211; Licht und Schatten&#8220;"},"content":{"rendered":"\n<p><strong>von Marie Lacrosse<\/strong><\/p>\n\n\n\n<p>[Werbung*]<\/p>\n\n\n\n<div class=\"wp-block-media-text is-vertically-aligned-center\"><figure class=\"wp-block-media-text__media\"><img loading=\"lazy\" decoding=\"async\" width=\"294\" height=\"445\" src=\"https:\/\/buechertanz.de\/wp-content\/uploads\/2025\/04\/22-Montmartre-Licht-und-Schatten.jpg\" alt=\"\" class=\"wp-image-8697 size-full\" srcset=\"https:\/\/buechertanz.de\/wp-content\/uploads\/2025\/04\/22-Montmartre-Licht-und-Schatten.jpg 294w, https:\/\/buechertanz.de\/wp-content\/uploads\/2025\/04\/22-Montmartre-Licht-und-Schatten-198x300.jpg 198w\" sizes=\"auto, (max-width: 294px) 100vw, 294px\" \/><\/figure><div class=\"wp-block-media-text__content\">\n<p style=\"font-size:11px\"><strong>Bibliografische Angaben:<\/strong><br>Erscheinungsdatum: 23. April 2025 <br>Verlag: Goldmann Verlag<br>Ausgaben: Paperback &amp; eBook <br>ISBN: 978-3-442-20654-4<br>Seitenanzahl: 624 Seiten<br>Preise: 17,00\u20ac (Paperback), 12,99\u20ac (eBook)<br>Reihe: &#8222;Montmartre&#8220; 01\/02<br><br><strong>Homepage:<\/strong><br><a href=\"https:\/\/www.penguin.de\/buecher\/marie-lacrosse-montmartre-licht-und-schatten\/paperback\/9783442206544\" target=\"_blank\" rel=\"noreferrer noopener\">https:\/\/www.penguin.de\/buecher\/marie-lacrosse-montmartre-licht-und-schatten\/paperback\/9783442206544<\/a> (Verlag)<br><br><a href=\"https:\/\/www.maritaspang.de\" target=\"_blank\" rel=\"noreferrer noopener\">https:\/\/www.maritaspang.de<\/a><br><br><strong>Klappentext:<\/strong><br><em>&#8222;Paris im Sommer 1866: Elise Lambert und Val\u00e9rie Dumas werden am selben Tag geboren. Sonst haben die beiden M\u00e4dchen nicht viel gemeinsam. Elise, Tochter einer einfachen W\u00e4scherin, w\u00e4chst in Armut auf dem H\u00fcgel von Montmartre auf. Val\u00e9rie hingegen ist die Tochter eines wohlhabenden Kunsth\u00e4ndlers vom Boulevard de Clichy. In einer Zeit, in der Frauen kaum M\u00f6glichkeiten haben, hegen die beiden gro\u00dfe Tr\u00e4ume. Val\u00e9rie ist eine begnadete Malerin, die es an die Kunstakademie schaffen m\u00f6chte, wo auch Toulouse-Lautrec und van Gogh studieren. Elise dagegen m\u00f6chte als T\u00e4nzerin in den schillernden Variet\u00e9s von Montmartre ber\u00fchmt werden. Schicksalsschl\u00e4ge und die Liebe stellen beide vor ungeahnte Herausforderungen, doch die jungen Frauen k\u00e4mpfen f\u00fcr ihr Gl\u00fcck \u2026&#8220;<\/em><\/p>\n<\/div><\/div>\n\n\n\n<p style=\"font-size:11px\"><strong>*Hinweise:<br><\/strong><em>\u2013 Das Buch habe ich freundlicherweise von der Autorin und dem Goldmann Verlag als vorzeitiges Rezensionsexemplar zur Verf\u00fcgung gestellt bekommen, ganz herzlichen Dank daf\u00fcr.<br>\u2013 Ich habe von der Autorin und vom Verlag keinerlei finanzielle Gegenleistungen erhalten, die Rezension spiegelt meinen pers\u00f6nlichen Lese-Eindruck wieder.<br>\u2013 Aufgrund der Gegenleistung in Form eines kostenlosen Rezensionsexemplars, der Verlinkung der Homepages und der Leseempfehlung kennzeichne ich diese Rezension als&nbsp;<strong>WERBUNG<\/strong>.<\/em><\/p>\n\n\n\n<p>_<\/p>\n\n\n<div class=\"wp-block-image\">\n<figure class=\"aligncenter size-full is-resized\"><img loading=\"lazy\" decoding=\"async\" width=\"758\" height=\"758\" src=\"https:\/\/buechertanz.de\/wp-content\/uploads\/2025\/04\/Montmartre-Licht-und-Schatten_01_komp.jpg\" alt=\"\" class=\"wp-image-8706\" style=\"width:370px;height:auto\" srcset=\"https:\/\/buechertanz.de\/wp-content\/uploads\/2025\/04\/Montmartre-Licht-und-Schatten_01_komp.jpg 758w, https:\/\/buechertanz.de\/wp-content\/uploads\/2025\/04\/Montmartre-Licht-und-Schatten_01_komp-300x300.jpg 300w, https:\/\/buechertanz.de\/wp-content\/uploads\/2025\/04\/Montmartre-Licht-und-Schatten_01_komp-150x150.jpg 150w\" sizes=\"auto, (max-width: 758px) 100vw, 758px\" \/><\/figure><\/div>\n\n\n<p class=\"has-drop-cap has-small-font-size\">Das Buch <strong><em>&#8222;Montmartre &#8211; Licht und Schatten&#8220; <\/em><\/strong>von Marie Lacrosse ist der Auftakt einer historischen Romanreihe, die im 19. Jahrhundert in Paris spielt und zeigt, wie zwei v\u00f6llig unterschiedliche Frauen ihren eigenen Lebensweg in einer von M\u00e4nnern dominierten Gesellschaft suchen. <\/p>\n\n\n\n<blockquote class=\"wp-block-quote is-layout-flow wp-block-quote-is-layout-flow\">\n<p class=\"has-text-align-center\" style=\"font-size:16px\"><strong><em>\u201e\u00bb(\u2026)&nbsp;<\/em>Beiden M\u00e4dchen habe ich am gleichen Tag auf die Welt geholfen. Die eine lebt im \u00dcberfluss, die andere in bescheidenen Verh\u00e4ltnissen. (&#8230;)<em>\u00ab\u201c<\/em><\/strong><br><br><em>[Kapitel 5, Seite 80]<\/em><\/p>\n<\/blockquote>\n\n\n\n<p class=\"has-small-font-size\">Die Geschichte beginnt am 20. Juni 1866 in Montmartre: Hier bringt die arme W\u00e4scherin Jeanne Lambert mit Unterst\u00fctzung der Hebamme Marianne ihre Tochter Elise zur Welt. Kurz darauf, am gleichen Tag, hilft Marianne in einer vornehmen Wohnung der kleinen Val\u00e9rie Dumas auf die Welt. <br>Doch die beiden M\u00e4dchen eint nur ihr gemeinsamer Geburtstag &#8211; ansonsten k\u00f6nnten sie und ihre Leben nicht unterschiedlicher sein: W\u00e4hrend Elise von klein auf als W\u00e4scherin arbeiten muss und ein \u00e4rmliches Leben f\u00fchrt, w\u00e4chst Val\u00e9rie als Tochter eines wohlhabenden Kunsth\u00e4ndlers im \u00dcberfluss auf.<br>W\u00e4hrend die Beiden zu jungen Frauen heranwachsen, zeigen sich die k\u00fcnstlerischen Talente und die ehrgeizigen Ziele der Beiden: Elise m\u00f6chte als T\u00e4nzerin ihren Weg gehen, Val\u00e9rie als Malerin. <br>Doch ihre M\u00fctter und auch die von M\u00e4nnern gepr\u00e4gte Gesellschaft stehen den Beiden bei der Verwirklichung ihrer Tr\u00e4ume im Weg. <\/p>\n\n\n\n<p class=\"has-small-font-size\">Marie Lacrosse ist das Pseudonym der Autorin Marita Spang. Unter beiden Namen begleitet und verzaubert sie mich schon seit einigen Jahren mit ihren historischen Romanen. Auch mit ihrem neusten Pseudonym Tessa Duncan (<em><a href=\"https:\/\/buechertanz.de\/?p=6874\" target=\"_blank\" rel=\"noreferrer noopener\">&#8222;Wer das Vergessen st\u00f6rt&#8220;<\/a><\/em> &amp; <em><a href=\"https:\/\/buechertanz.de\/?p=7897\" target=\"_blank\" rel=\"noreferrer noopener\">&#8222;Wer mit den W\u00f6lfen heult&#8220;)<\/a><\/em> konnte sie mich in Sachen Spannungsliteratur \u00fcberzeugen. <br>Die Buchreihen unter Marie Lacrosse um <em><a href=\"https:\/\/buechertanz.de\/?p=517\" target=\"_blank\" rel=\"noreferrer noopener\">\u201eDas Weingut\u201c<\/a><\/em> (erschienen 2018, 2019) <em><a href=\"https:\/\/buechertanz.de\/?p=1642\" target=\"_blank\" rel=\"noreferrer noopener\">\u201eDas Kaffeehaus\u201c<\/a><\/em> (erschienen 2020, 2021) und das <em><a href=\"https:\/\/buechertanz.de\/?p=3798\" target=\"_blank\" rel=\"noreferrer noopener\">&#8222;KaDeWe&#8220; <\/a><\/em>(erschienen 2022. 2023) haben mich bestens unterhalten und stehen an der Spitze meiner absoluten Lieblingsb\u00fccher. <br>Deshalb war meine Freude riesig, als sie im Herbst 2024 ihre neue Buchreihe <em>&#8222;Montmartre&#8220; <\/em>ank\u00fcndigte. Paris ist mein absoluter Sehnsuchtsort und ich liebe die wechselvolle Geschichte dieser Stadt. Deshalb musste ich dieses Buch einfach lesen. Freundlicherweise bekam ich das Buch als vorzeitiges Rezensionsexemplar zur Verf\u00fcgung gestellt, wof\u00fcr ich mich an dieser Stelle ganz herzlich bedanken m\u00f6chte. <\/p>\n\n\n\n<p class=\"has-small-font-size\">Die Ausgabeart des Buches ist, wie auch bereits die anderen Reihen der Autorin, wieder eine sehr sch\u00f6n gestaltete und hochwertige Klappbroschur: In der vorderen Klappe finden sich die graphischen Elemente des Covers wieder, auf der Klappe steht ein etwas ausf\u00fchrlicherer Klappentext. Das Innere der hinteren Klappe schm\u00fcckt die Vorstellung der beiden B\u00e4nde der Reihe, w\u00e4hrend auf der Klappe die sympathische Autorin vorgestellt wird. <br>Das wundersch\u00f6n gestaltete Cover weckt die Lust auf die Geschichte und hebt sich gelungen von anderen historischen Romanen ab. <br>Ab der ersten Seite hat mich die Geschichte mitgenommen und ich wollte das Buch nur noch ungern aus den H\u00e4nden legen. Hierf\u00fcr sorge vor allem die klare und bildhafte Sprache von Marie Lacrosse, mit der sie vergangene Zeiten wieder aufleben l\u00e4sst und ihre Leser und Leserinnen damit auf eine interessante und spannende Zeitreise mitnimmt. <br>Ganz wunderbar fand ich wieder die \u00dcbersicht \u00fcber die Figuren des Romans zu Beginn des Buches und das ausf\u00fchrliche Nachwort der Autorin am Ende des Buches. <br>Auch die gute Struktur innerhalb des Romans sorgte daf\u00fcr, dass ich w\u00e4hrend des Lesens immer den \u00dcberblick \u00fcber die Handlung behalten habe: Diese ist in insgesamt f\u00fcnf Teile aufgeteilt und spielt von Juni 1866 bis Oktober 1889. W\u00e4hrend der Handlung folgen die Leser und Leserinnen den Schicksalen mehrerer Figuren &#8211; haupts\u00e4chlich den zwei Hauptprotagonistinnen Val\u00e9rie und Elise. <br>Die Beiden sind v\u00f6llig unterschiedlich und sehr sympathisch und bekommen von der Gesellschaft immer wieder Steine in den Weg gelegt. Doch sie bleiben auch bei allen R\u00fcck- und Schicksalsschl\u00e4gen gr\u00f6\u00dftenteils sich selbst treu und arbeiten ausdauernd daran, ihre Ziele zu erreichen und ihre Tr\u00e4ume und W\u00fcnschen zu verwirklichen: Elise m\u00f6chte unbedingt T\u00e4nzerin werden, Val\u00e9rie m\u00f6chte Malerin werden. Einfach unvorstellbar, wie schwer es Frauen zu dieser Zeit in Sachen Bildung und vor allem in Sachen Selbstverwirklichung noch hatten. <br>Ganz besonders mitgenommen haben mich die dramatischen Schicksale von Simone Lambert &#8211; Elises j\u00fcngere Schwester &#8211; und von Elises Mutter Jeanne. <br>Die Hebamme Marianne hat zwar nur etwas kleinere Auftritte und trotzdem tr\u00e4gt sie die Geschichte mit. Sie stellt immer wieder Dinge richtig und bildet mit ihrer gutm\u00fctigen und ehrlichen Art f\u00fcr einige Figuren so etwas wie den Fels in der Brandung. <br>Ganz im Gegenteil zu Am\u00e9lie Dumas &#8211; die Mutter von Val\u00e9rie: Sie war mir ab der ersten Seite mit ihrer unzufriedenen und pessimistischen Art sehr unsympathisch &#8211; auch wenn sie ihre Gr\u00fcnde hat, warum und wie sie zu dieser Frau geworden ist. <br>Val\u00e9ries Vater, Alphonse Dumas, ist ein zwiegespaltener Charakter: Er erm\u00f6glicht seiner Tochter einiges, auf der anderen Seite ist er auch sehr starrsinnig und verfahren in seinen Ansichten. <br>So viel zu den fiktiven Charakteren der Geschichte. Wie bereits geschrieben, kommen auch einige historische Figuren in diesem Roman vor. Hier ist zum Beispiel Louise Weber zu nennen, die Marie Lacrosse sehr ambivalent dargestellt und als Gegenpol zu der liebenswerten Elise gestellt hat. In Louises Leben gibt es nur einen wichtigen Menschen &#8211; und das ist sie selbst. Alle anderen Menschen in ihrer Umgebung behandelt sie wie Spielb\u00e4lle. <br>Viele der weiteren Figuren, die neben diesen beiden Hauptprotagonistinnen stehen, sind historisch &#8211; andere fiktiv und Marie Lacrosse versteht sich au\u00dferordentlich gut darin, diese zum Leben zu erwecken und hat sie alle facettenreich und komplex gestaltet. Sie m\u00fcssen zahlreiche Herausforderungen \u00fcberwinden &#8211; vor allem pers\u00f6nliche Trag\u00f6dien und gesellschaftliche Konflikte. Marie Lacrosse bietet mit ihren vielen und vielf\u00e4ltigen Figuren einen Einblick in die verschiedenen Lebensweisen im Paris des 19. Jahrhunderts und beschreibt mit ihnen die sozialen Strukturen der Zeit. Dabei sind die Beschreibungen so detailliert, dass ich w\u00e4hrend des Lesens v\u00f6llig in die vergangenen Zeiten eintauchen konnte. <br>Ich bin schon sehr gespannt, wie es mit all den Figuren im zweiten Band <em>&#8222;Montmartre &#8211; Traum und Schicksal&#8220;<\/em> (erscheint im November 2025) weitergehen wird.<\/p>\n\n\n\n<p class=\"has-small-font-size\">Den historischen und gesellschaftlichen Hintergrund bildet das 19. Jahrhundert in Paris. Es war eine Zeit der gro\u00dfen Umbr\u00fcche und Ver\u00e4nderungen.<br>Die Gesellschaft war in drei Schichten unterteilt: <br>&#8211; Die <strong>Oberschicht <\/strong>bestand aus Adel und Aristokratie und dem aufstrebenden B\u00fcrgertum und verf\u00fcgten \u00fcber gro\u00dfen Reichtum und Einfluss. <br>&#8211; Die <strong>Mittelschicht<\/strong> bestand aus Kleinb\u00fcrgern (zum Beispiel Ladenbesitzern und Handwerkern) und den Intellektuellen (Schriftsteller, K\u00fcnstler, Wissenschaftler). <br>&#8211; Die <strong>Unterschicht <\/strong>bildeten die Arbeiter, die oft unter schwierigen Bedingungen leben mussten. Auch die Prostituierten, die in Paris weit verbreitet waren, lebten oft am Rande der Gesellschaft.<br>Diese patriarchalisch gepr\u00e4gte Gesellschaft war von gro\u00dfen sozialen, wirtschaftlichen und kulturellen Ver\u00e4nderungen gepr\u00e4gt:<br>&#8211; Zur <strong>sozialen und wirtschaftlichen Ver\u00e4nderung <\/strong>trug die Industrialisierung bei, da viele Menschen von der Landwirtschaft in die Industrie wechselten. Daraus folgte die Urbanisierung, die zu einer schnellen Vergr\u00f6\u00dferung der Stadtbev\u00f6lkerung und zu sozialen Problemen wie Armut und \u00dcberbev\u00f6lkerung f\u00fchrte. <br>&#8211; Paris war im 19. Jahrhundert ein Zentrum der Kunst und Literatur. Unter anderen brachte die Entstehung des Impressionismus eine <strong>kulturelle Ver\u00e4nderung: <\/strong>Dieser brach mit den traditionellen Kunstformen (z.B. Historienmalerei), die K\u00fcnstler wollten stattdessen das Alltagsleben und die Natur darstellen. Hierzu w\u00e4hlten sie oft Themen, die als &#8222;unw\u00fcrdig&#8220; oder &#8222;unbedeutend&#8220; angesehen wurden (z.B. Stra\u00dfenszenen, Fabrikszenen usw.). Es wurden neue Maltechniken entwickelt (z.B. kurze, dicke Pinselstriche), was dazu f\u00fchrte, dass den Impressionisten fehlende Fertigkeiten vorgeworfen wurde und der Impressionismus als unkonventionell und ungeschickt angesehen wurde. <br>Neben der Ver\u00e4nderung der Gesellschaft der Kunst steht ein weiteres (bedr\u00fcckendes) Thema<em> <\/em>in diesem Roman im Mittelpunkt: Die Prostitution. Dieses komplexe Ph\u00e4nomen wurde durch verschiedene Faktoren beg\u00fcnstigt:<br>&#8211; <strong>Wirtschaftliche Not: <\/strong>Viele Frauen lebten in Armut und sahen in der Prostitution eine M\u00f6glichkeit, Geld zu verdienen. Au\u00dferdem sorgte die Industrialisierung f\u00fcr eine Ver\u00e4nderung der Wirtschaftsstruktur und viele Frauen verloren ihre traditionellen Arbeitspl\u00e4tze.<br>&#8211; <strong>Patriarchalische<\/strong> <strong>Gesellschaft: <\/strong>Frauen hatten nur wenige Rechte und es gab eine Doppelmoral: M\u00e4nner durften ihre sexuellen Bed\u00fcrfnisse ausleben und befriedigen, w\u00e4hrend Frauen hierf\u00fcr bestraft wurden. <br>Auch wenn die Stadt Paris einiges daf\u00fcr tat, die Prostitution zu reglementieren und zu kontrollieren (z.B. mit Gesundheitskontrollen, Registrierungen) wurde dieser nur schwer Herr. <br>Der Roman spielt gr\u00f6\u00dftenteils in Montmartre, der heutzutage ein ber\u00fchmter Stadtteil von Paris ist. Im 19. und fr\u00fchen 20. Jahrhundert war es ein Zentrum der Armut und des Elends. Hier lebten viele Arbeiter und auch K\u00fcnstler in schlecht ausgestatteten Wohnungen. Die Stra\u00dfen waren eng und die hygienischen Bedingungen schlecht. <br>All diese gesellschaftlichen und geschichtlichen Hintergr\u00fcnde hat Marie Lacrosse akribisch recherchiert und stellt diese, auch anhand und mit den Schicksalen ihrer zahlreichen Figuren, sehr greif- und erlebbar dar. Ich habe viel Neues gelernt und damit meinen geschichtlichen Horizont erweitert. Genau so muss ein historischer Roman sein.<\/p>\n\n\n\n<p class=\"has-small-font-size\">Herzlichen Dank liebe Marie Lacrosse f\u00fcr das lehrreiche Lesevergn\u00fcgen. Ich freue mich schon so sehr auf die Fortsetzung der Geschichte. <\/p>\n\n\n\n<div class=\"wp-block-media-text is-vertically-aligned-center\"><figure class=\"wp-block-media-text__media\"><img loading=\"lazy\" decoding=\"async\" width=\"666\" height=\"666\" src=\"https:\/\/buechertanz.de\/wp-content\/uploads\/2025\/04\/Montmartre-Licht-und-Schatten_02_komp.jpg\" alt=\"\" class=\"wp-image-8717 size-full\" srcset=\"https:\/\/buechertanz.de\/wp-content\/uploads\/2025\/04\/Montmartre-Licht-und-Schatten_02_komp.jpg 666w, https:\/\/buechertanz.de\/wp-content\/uploads\/2025\/04\/Montmartre-Licht-und-Schatten_02_komp-300x300.jpg 300w, https:\/\/buechertanz.de\/wp-content\/uploads\/2025\/04\/Montmartre-Licht-und-Schatten_02_komp-150x150.jpg 150w\" sizes=\"auto, (max-width: 666px) 100vw, 666px\" \/><\/figure><div class=\"wp-block-media-text__content\">\n<p class=\"has-drop-cap has-small-font-size\"><strong>Fazit: W\u00e4hrend des Lesens von <em>&#8222;Montmartre &#8211; Licht und Schatten&#8220; <\/em>von Marie Lacrosse bin ich v\u00f6llig in der Geschichte versunken. Die Geschichte hat mich von Anfang bis zum Ende bestens unterhalten und ich habe wieder so viel Neues gelernt und erfahren.<\/strong> <strong>Auch die facettenreichen und komplexen Figuren sorgen f\u00fcr ein wunderbares und unvergessliches Leseerlebnis. Eines meiner pers\u00f6nlichen Jahreshighlights, das ihr euch nicht entgehen lassen solltet. Sehr lesenswert!  <\/strong><\/p>\n<\/div><\/div>\n\n\n\n<p class=\"has-text-align-center\" style=\"font-size:11px\"><strong>*<\/strong><em>Ich habe f\u00fcr diese Rezension von der Autorin und vom Verlag keinerlei finanzielle Gegenleistung bekommen, sie spiegelt mein pers\u00f6nliches Leseempfinden wieder. Aufgrund der Gegenleistung eines kostenlosen Rezensionsexemplars, der uneingeschr\u00e4nkten Leseempfehlung und der Verlinkung der Homepage der Autorin und der Verlagshomepage, ist diese Rezension als&nbsp;<strong>WERBUNG<\/strong>&nbsp;gekennzeichnet<\/em>.<\/p>\n","protected":false},"excerpt":{"rendered":"<p>von Marie Lacrosse [Werbung*] Bibliografische Angaben:Erscheinungsdatum: 23. April 2025 Verlag: Goldmann VerlagAusgaben: Paperback &amp; eBook ISBN: 978-3-442-20654-4Seitenanzahl: 624 SeitenPreise: 17,00\u20ac (Paperback), 12,99\u20ac (eBook)Reihe: &#8222;Montmartre&#8220; 01\/02 Homepage:https:\/\/www.penguin.de\/buecher\/marie-lacrosse-montmartre-licht-und-schatten\/paperback\/9783442206544 (Verlag) https:\/\/www.maritaspang.de Klappentext:&#8222;Paris im Sommer 1866: Elise Lambert und Val\u00e9rie Dumas werden am selben Tag geboren. Sonst haben die beiden M\u00e4dchen nicht viel gemeinsam. Elise, Tochter einer einfachen W\u00e4scherin, &hellip; <a href=\"https:\/\/buechertanz.de\/?p=8704\" class=\"more-link\"><span class=\"screen-reader-text\">&#8222;Montmartre &#8211; Licht und Schatten&#8220;<\/span> weiterlesen<\/a><\/p>\n","protected":false},"author":2,"featured_media":0,"comment_status":"open","ping_status":"closed","sticky":false,"template":"","format":"standard","meta":{"footnotes":""},"categories":[34,8],"tags":[],"class_list":["post-8704","post","type-post","status-publish","format-standard","hentry","category-allerezensionen","category-historische-romane"],"_links":{"self":[{"href":"https:\/\/buechertanz.de\/index.php?rest_route=\/wp\/v2\/posts\/8704","targetHints":{"allow":["GET"]}}],"collection":[{"href":"https:\/\/buechertanz.de\/index.php?rest_route=\/wp\/v2\/posts"}],"about":[{"href":"https:\/\/buechertanz.de\/index.php?rest_route=\/wp\/v2\/types\/post"}],"author":[{"embeddable":true,"href":"https:\/\/buechertanz.de\/index.php?rest_route=\/wp\/v2\/users\/2"}],"replies":[{"embeddable":true,"href":"https:\/\/buechertanz.de\/index.php?rest_route=%2Fwp%2Fv2%2Fcomments&post=8704"}],"version-history":[{"count":15,"href":"https:\/\/buechertanz.de\/index.php?rest_route=\/wp\/v2\/posts\/8704\/revisions"}],"predecessor-version":[{"id":9758,"href":"https:\/\/buechertanz.de\/index.php?rest_route=\/wp\/v2\/posts\/8704\/revisions\/9758"}],"wp:attachment":[{"href":"https:\/\/buechertanz.de\/index.php?rest_route=%2Fwp%2Fv2%2Fmedia&parent=8704"}],"wp:term":[{"taxonomy":"category","embeddable":true,"href":"https:\/\/buechertanz.de\/index.php?rest_route=%2Fwp%2Fv2%2Fcategories&post=8704"},{"taxonomy":"post_tag","embeddable":true,"href":"https:\/\/buechertanz.de\/index.php?rest_route=%2Fwp%2Fv2%2Ftags&post=8704"}],"curies":[{"name":"wp","href":"https:\/\/api.w.org\/{rel}","templated":true}]}}